{"id":66266,"date":"2026-04-29T15:32:25","date_gmt":"2026-04-29T19:32:25","guid":{"rendered":"https:\/\/www.seprec.gob.bo\/?post_type=nota_prensa&#038;p=66266"},"modified":"2026-04-29T15:32:25","modified_gmt":"2026-04-29T19:32:25","slug":"seprec-presenta-su-rendicion-publica-de-cuentas-inicial-2026-con-enfoque-en-optimizacion-digitalizacion-y-fortalecimiento-empresarial","status":"publish","type":"nota_prensa","link":"https:\/\/www.seprec.gob.bo\/index.php\/nota_prensa\/seprec-presenta-su-rendicion-publica-de-cuentas-inicial-2026-con-enfoque-en-optimizacion-digitalizacion-y-fortalecimiento-empresarial\/","title":{"rendered":"SEPREC PRESENTA SU RENDICI\u00d3N P\u00daBLICA DE CUENTAS INICIAL 2026 CON ENFOQUE EN OPTIMIZACI\u00d3N, DIGITALIZACI\u00d3N Y FORTALECIMIENTO EMPRESARIAL"},"featured_media":0,"template":"","class_list":["post-66266","nota_prensa","type-nota_prensa","status-publish","hentry"],"acf":[],"_links":{"self":[{"href":"https:\/\/www.seprec.gob.bo\/index.php\/wp-json\/wp\/v2\/nota_prensa\/66266","targetHints":{"allow":["GET"]}}],"collection":[{"href":"https:\/\/www.seprec.gob.bo\/index.php\/wp-json\/wp\/v2\/nota_prensa"}],"about":[{"href":"https:\/\/www.seprec.gob.bo\/index.php\/wp-json\/wp\/v2\/types\/nota_prensa"}],"wp:attachment":[{"href":"https:\/\/www.seprec.gob.bo\/index.php\/wp-json\/wp\/v2\/media?parent=66266"}],"curies":[{"name":"wp","href":"https:\/\/api.w.org\/{rel}","templated":true}]}}